{"id":1460,"date":"2020-10-31T15:06:21","date_gmt":"2020-10-31T15:06:21","guid":{"rendered":"http:\/\/canals.gob.ar\/?p=1460"},"modified":"2020-10-31T15:21:10","modified_gmt":"2020-10-31T15:21:10","slug":"emocionante-evento-octubrerosa","status":"publish","type":"post","link":"http:\/\/canals.gob.ar\/index.php\/2020\/10\/31\/emocionante-evento-octubrerosa\/","title":{"rendered":"Emocionante evento #OctubreRosa"},"content":{"rendered":"\n<p>Estas son algunas de las im\u00e1genes del emocionante evento organizado por la Secretar\u00eda se Salud y el Consejo de la Mujer de nuestra Municipalidad. El objetivo fue concientizar sobre el autoexamen, los controles peri\u00f3dicos con sus estudios pertinentes para la detecci\u00f3n temprana del c\u00e1ncer de mamas<a href=\"https:\/\/www.facebook.com\/hashtag\/octubrerosa?__eep__=6&amp;__cft__[0]=AZV6scqzmNsgOKOBalGE8_Hwi1QjNmr1cygXzvGQAypApjwwpA4mLmnc7u0yRz2mk-vftY2GREODzkYN6wrI6iq1WaUiCEvYVrpPaOvhUlsYkfjcn66dHzITJivWi-BqXC2KRsXMOW-F_KcfIFmEYQVhDhshJrhsnzYvYPtMAmhozzuuSy2Lb1pA5yqQbypdbZ0&amp;__tn__=*NK-R\">.<\/a><\/p>\n\n\n\n<p>\u00bfCu\u00e1ndo fue tu \u00faltimo chequeo?<\/p>\n\n\n\n<p><a href=\"https:\/\/www.facebook.com\/hashtag\/octubrerosa?__eep__=6&amp;__cft__[0]=AZV6scqzmNsgOKOBalGE8_Hwi1QjNmr1cygXzvGQAypApjwwpA4mLmnc7u0yRz2mk-vftY2GREODzkYN6wrI6iq1WaUiCEvYVrpPaOvhUlsYkfjcn66dHzITJivWi-BqXC2KRsXMOW-F_KcfIFmEYQVhDhshJrhsnzYvYPtMAmhozzuuSy2Lb1pA5yqQbypdbZ0&amp;__tn__=*NK-R\">#OctubreRosa<\/a><a href=\"https:\/\/www.facebook.com\/hashtag\/canals?__eep__=6&amp;__cft__[0]=AZV6scqzmNsgOKOBalGE8_Hwi1QjNmr1cygXzvGQAypApjwwpA4mLmnc7u0yRz2mk-vftY2GREODzkYN6wrI6iq1WaUiCEvYVrpPaOvhUlsYkfjcn66dHzITJivWi-BqXC2KRsXMOW-F_KcfIFmEYQVhDhshJrhsnzYvYPtMAmhozzuuSy2Lb1pA5yqQbypdbZ0&amp;__tn__=*NK-R\">#Canals<\/a><a href=\"https:\/\/www.facebook.com\/hashtag\/luchacontraelcancerdemama?__eep__=6&amp;__cft__[0]=AZV6scqzmNsgOKOBalGE8_Hwi1QjNmr1cygXzvGQAypApjwwpA4mLmnc7u0yRz2mk-vftY2GREODzkYN6wrI6iq1WaUiCEvYVrpPaOvhUlsYkfjcn66dHzITJivWi-BqXC2KRsXMOW-F_KcfIFmEYQVhDhshJrhsnzYvYPtMAmhozzuuSy2Lb1pA5yqQbypdbZ0&amp;__tn__=*NK-R\">#luchacontraelcancerdemama<\/a><\/p>\n\n\n\n<div class=\"wp-block-kadence-advancedgallery kb-gallery-wrap-id-_a54c02-56\"><div class=\"kb-gallery-ul kb-gallery-type-slider kb-gallery-id-_a54c02-56 kb-gallery-caption-style-bottom-hover kb-gallery-filter-none\" data-image-filter=\"none\" data-lightbox-caption=\"true\"><div class=\"kt-blocks-carousel kt-carousel-container-dotstyle-dark\"><div class=\"kt-blocks-carousel-init kb-blocks-slider kt-carousel-arrowstyle-whiteondark kt-carousel-dotstyle-dark\" data-slider-anim-speed=\"400\" data-slider-type=\"slider\" data-slider-scroll=\"1\" data-slider-arrows=\"true\" data-slider-dots=\"true\" data-slider-hover-pause=\"false\" data-slider-auto=\"false\" data-slider-speed=\"7000\"><div class=\"kb-slide-item kb-gallery-slide-item\"><div class=\"kadence-blocks-gallery-item\"><div class=\"kadence-blocks-gallery-item-inner\"><figure class=\"kb-gallery-figure kadence-blocks-gallery-item-hide-caption kb-has-image-ratio-land32\"><div class=\"kb-gal-image-radius\"><div class=\"kb-gallery-image-contain kadence-blocks-gallery-intrinsic kb-gallery-image-ratio-land32\"><img loading=\"lazy\" src=\"http:\/\/canals.gob.ar\/wp-content\/uploads\/2020\/10\/octubrerosa2.jpg\" width=\"528\" height=\"960\" alt=\"\" data-full-image=\"http:\/\/canals.gob.ar\/wp-content\/uploads\/2020\/10\/octubrerosa2.jpg\" data-light-image=\"http:\/\/canals.gob.ar\/wp-content\/uploads\/2020\/10\/octubrerosa2.jpg\" data-id=\"1461\" data-link=\"http:\/\/canals.gob.ar\/?attachment_id=1461\" class=\"wp-image-1461 skip-lazy\" srcset=\"http:\/\/canals.gob.ar\/wp-content\/uploads\/2020\/10\/octubrerosa2.jpg 528w, http:\/\/canals.gob.ar\/wp-content\/uploads\/2020\/10\/octubrerosa2-165x300.jpg 165w\" sizes=\"(max-width: 528px) 100vw, 528px\" \/><\/div><\/div><\/figure><\/div><\/div><\/div><div class=\"kb-slide-item kb-gallery-slide-item\"><div class=\"kadence-blocks-gallery-item\"><div class=\"kadence-blocks-gallery-item-inner\"><figure class=\"kb-gallery-figure kadence-blocks-gallery-item-hide-caption kb-has-image-ratio-land32\"><div class=\"kb-gal-image-radius\"><div class=\"kb-gallery-image-contain kadence-blocks-gallery-intrinsic kb-gallery-image-ratio-land32\"><img loading=\"lazy\" src=\"http:\/\/canals.gob.ar\/wp-content\/uploads\/2020\/10\/octubrerosa3.jpg\" width=\"960\" height=\"638\" alt=\"\" data-full-image=\"http:\/\/canals.gob.ar\/wp-content\/uploads\/2020\/10\/octubrerosa3.jpg\" data-light-image=\"http:\/\/canals.gob.ar\/wp-content\/uploads\/2020\/10\/octubrerosa3.jpg\" data-id=\"1462\" data-link=\"http:\/\/canals.gob.ar\/?attachment_id=1462\" class=\"wp-image-1462 skip-lazy\" srcset=\"http:\/\/canals.gob.ar\/wp-content\/uploads\/2020\/10\/octubrerosa3.jpg 960w, http:\/\/canals.gob.ar\/wp-content\/uploads\/2020\/10\/octubrerosa3-300x199.jpg 300w, http:\/\/canals.gob.ar\/wp-content\/uploads\/2020\/10\/octubrerosa3-768x510.jpg 768w\" sizes=\"(max-width: 960px) 100vw, 960px\" \/><\/div><\/div><\/figure><\/div><\/div><\/div><div class=\"kb-slide-item kb-gallery-slide-item\"><div class=\"kadence-blocks-gallery-item\"><div class=\"kadence-blocks-gallery-item-inner\"><figure class=\"kb-gallery-figure kadence-blocks-gallery-item-hide-caption kb-has-image-ratio-land32\"><div class=\"kb-gal-image-radius\"><div class=\"kb-gallery-image-contain kadence-blocks-gallery-intrinsic kb-gallery-image-ratio-land32\"><img loading=\"lazy\" src=\"http:\/\/canals.gob.ar\/wp-content\/uploads\/2020\/10\/octubrerosa4.jpg\" width=\"960\" height=\"646\" alt=\"\" data-full-image=\"http:\/\/canals.gob.ar\/wp-content\/uploads\/2020\/10\/octubrerosa4.jpg\" data-light-image=\"http:\/\/canals.gob.ar\/wp-content\/uploads\/2020\/10\/octubrerosa4.jpg\" data-id=\"1463\" data-link=\"http:\/\/canals.gob.ar\/?attachment_id=1463\" class=\"wp-image-1463 skip-lazy\" srcset=\"http:\/\/canals.gob.ar\/wp-content\/uploads\/2020\/10\/octubrerosa4.jpg 960w, http:\/\/canals.gob.ar\/wp-content\/uploads\/2020\/10\/octubrerosa4-300x202.jpg 300w, http:\/\/canals.gob.ar\/wp-content\/uploads\/2020\/10\/octubrerosa4-768x517.jpg 768w\" sizes=\"(max-width: 960px) 100vw, 960px\" \/><\/div><\/div><\/figure><\/div><\/div><\/div><div class=\"kb-slide-item kb-gallery-slide-item\"><div class=\"kadence-blocks-gallery-item\"><div class=\"kadence-blocks-gallery-item-inner\"><figure class=\"kb-gallery-figure kadence-blocks-gallery-item-hide-caption kb-has-image-ratio-land32\"><div class=\"kb-gal-image-radius\"><div class=\"kb-gallery-image-contain kadence-blocks-gallery-intrinsic kb-gallery-image-ratio-land32\"><img loading=\"lazy\" src=\"http:\/\/canals.gob.ar\/wp-content\/uploads\/2020\/10\/octubrerosa5.jpg\" width=\"960\" height=\"620\" alt=\"\" data-full-image=\"http:\/\/canals.gob.ar\/wp-content\/uploads\/2020\/10\/octubrerosa5.jpg\" data-light-image=\"http:\/\/canals.gob.ar\/wp-content\/uploads\/2020\/10\/octubrerosa5.jpg\" data-id=\"1464\" data-link=\"http:\/\/canals.gob.ar\/?attachment_id=1464\" class=\"wp-image-1464 skip-lazy\" srcset=\"http:\/\/canals.gob.ar\/wp-content\/uploads\/2020\/10\/octubrerosa5.jpg 960w, http:\/\/canals.gob.ar\/wp-content\/uploads\/2020\/10\/octubrerosa5-300x194.jpg 300w, http:\/\/canals.gob.ar\/wp-content\/uploads\/2020\/10\/octubrerosa5-768x496.jpg 768w\" sizes=\"(max-width: 960px) 100vw, 960px\" \/><\/div><\/div><\/figure><\/div><\/div><\/div><\/div><\/div><\/div><\/div>\n","protected":false},"excerpt":{"rendered":"<p>Estas son algunas de las im\u00e1genes del emocionante evento organizado por la Secretar\u00eda se Salud y el Consejo de la<\/p>\n","protected":false},"author":1,"featured_media":1465,"comment_status":"open","ping_status":"open","sticky":false,"template":"","format":"standard","meta":{"kt_blocks_editor_width":""},"categories":[50],"tags":[],"_links":{"self":[{"href":"http:\/\/canals.gob.ar\/index.php\/wp-json\/wp\/v2\/posts\/1460"}],"collection":[{"href":"http:\/\/canals.gob.ar\/index.php\/wp-json\/wp\/v2\/posts"}],"about":[{"href":"http:\/\/canals.gob.ar\/index.php\/wp-json\/wp\/v2\/types\/post"}],"author":[{"embeddable":true,"href":"http:\/\/canals.gob.ar\/index.php\/wp-json\/wp\/v2\/users\/1"}],"replies":[{"embeddable":true,"href":"http:\/\/canals.gob.ar\/index.php\/wp-json\/wp\/v2\/comments?post=1460"}],"version-history":[{"count":1,"href":"http:\/\/canals.gob.ar\/index.php\/wp-json\/wp\/v2\/posts\/1460\/revisions"}],"predecessor-version":[{"id":1466,"href":"http:\/\/canals.gob.ar\/index.php\/wp-json\/wp\/v2\/posts\/1460\/revisions\/1466"}],"wp:featuredmedia":[{"embeddable":true,"href":"http:\/\/canals.gob.ar\/index.php\/wp-json\/wp\/v2\/media\/1465"}],"wp:attachment":[{"href":"http:\/\/canals.gob.ar\/index.php\/wp-json\/wp\/v2\/media?parent=1460"}],"wp:term":[{"taxonomy":"category","embeddable":true,"href":"http:\/\/canals.gob.ar\/index.php\/wp-json\/wp\/v2\/categories?post=1460"},{"taxonomy":"post_tag","embeddable":true,"href":"http:\/\/canals.gob.ar\/index.php\/wp-json\/wp\/v2\/tags?post=1460"}],"curies":[{"name":"wp","href":"https:\/\/api.w.org\/{rel}","templated":true}]}}