{"id":1577,"date":"2021-10-05T13:35:17","date_gmt":"2021-10-05T13:35:17","guid":{"rendered":"http:\/\/canals.gob.ar\/?p=1577"},"modified":"2021-10-05T13:38:02","modified_gmt":"2021-10-05T13:38:02","slug":"el-gobernador-schiaretti-visito-canals-y-anuncio-obras-junto-al-intendente-bruno","status":"publish","type":"post","link":"http:\/\/canals.gob.ar\/index.php\/2021\/10\/05\/el-gobernador-schiaretti-visito-canals-y-anuncio-obras-junto-al-intendente-bruno\/","title":{"rendered":"El Gobernador Schiaretti visit\u00f3 Canals y anunci\u00f3 obras junto al Intendente Bruno"},"content":{"rendered":"\n<p>El gobernador de C\u00f3rdoba,&nbsp;<strong>Juan Schiaretti<\/strong>, visit\u00f3 Canals y anunci\u00f3 distintas obras para la ciudad financiadas con fondos de la Provincia, entre ellas la pavimentaci\u00f3n de calles urbanas, kits de materiales de construcci\u00f3n para que 44 familias construyan sus viviendas y la repavimentaci\u00f3n de la Ruta N\u00b03 a partir de octubre.<\/p>\n\n\n\n<figure class=\"wp-block-gallery columns-2 is-cropped\"><ul class=\"blocks-gallery-grid\"><li class=\"blocks-gallery-item\"><figure><img loading=\"lazy\" width=\"591\" height=\"600\" src=\"http:\/\/canals.gob.ar\/wp-content\/uploads\/2021\/10\/Edgar-con-Juan.jpg\" alt=\"\" data-id=\"1578\" data-full-url=\"http:\/\/canals.gob.ar\/wp-content\/uploads\/2021\/10\/Edgar-con-Juan.jpg\" data-link=\"http:\/\/canals.gob.ar\/?attachment_id=1578\" class=\"wp-image-1578\" srcset=\"http:\/\/canals.gob.ar\/wp-content\/uploads\/2021\/10\/Edgar-con-Juan.jpg 591w, http:\/\/canals.gob.ar\/wp-content\/uploads\/2021\/10\/Edgar-con-Juan-296x300.jpg 296w\" sizes=\"(max-width: 591px) 100vw, 591px\" \/><\/figure><\/li><li class=\"blocks-gallery-item\"><figure><img loading=\"lazy\" width=\"960\" height=\"640\" src=\"http:\/\/canals.gob.ar\/wp-content\/uploads\/2021\/10\/Juan-Schiaretti-en-Canals.jpg\" alt=\"\" data-id=\"1579\" data-full-url=\"http:\/\/canals.gob.ar\/wp-content\/uploads\/2021\/10\/Juan-Schiaretti-en-Canals.jpg\" data-link=\"http:\/\/canals.gob.ar\/?attachment_id=1579\" class=\"wp-image-1579\" srcset=\"http:\/\/canals.gob.ar\/wp-content\/uploads\/2021\/10\/Juan-Schiaretti-en-Canals.jpg 960w, http:\/\/canals.gob.ar\/wp-content\/uploads\/2021\/10\/Juan-Schiaretti-en-Canals-300x200.jpg 300w, http:\/\/canals.gob.ar\/wp-content\/uploads\/2021\/10\/Juan-Schiaretti-en-Canals-768x512.jpg 768w\" sizes=\"(max-width: 960px) 100vw, 960px\" \/><\/figure><\/li><\/ul><\/figure>\n\n\n\n<p>En ese marco, el mandatario provincial dijo que C\u00f3rdoba defiende la producci\u00f3n y&nbsp;<strong>reiter\u00f3 el pedido para que la Naci\u00f3n levante&nbsp;<em>\u201cinmediatamente\u201d<\/em>&nbsp;las retenciones a las econom\u00edas regionales&nbsp;<\/strong>cordobesas de los complejos l\u00e1cteo y manicero. Asimismo,&nbsp;<strong>volvi\u00f3 a pedir el cese total del cepo a la exportaci\u00f3n de carne<\/strong>,&nbsp;<em>\u201cporque perjudica a la gente y a los productores\u201d.<\/em><\/p>\n\n\n\n<p>El gobernador estuvo acompa\u00f1ado por el ministro de Obras P\u00fablicas, Ricardo Sosa; el secretario de Coordinaci\u00f3n Territorial del Ministerio de Gobierno, \u00c1ngel Bevilacqua; el intendente de Canals, Edgar Bruno; y el legislador del departamento Uni\u00f3n, Dardo Iturria, entre otros.<\/p>\n\n\n\n<h3><strong>Sobre los anuncios<\/strong><\/h3>\n\n\n\n<p>Para la pavimentaci\u00f3n de calles la Provincia hizo un aporte econ\u00f3mico al municipio de&nbsp;<strong>50 millones de pesos<\/strong>&nbsp;y para que las familias de Canals tengan casa propia a trav\u00e9s del programa Vivienda Semilla&nbsp;<strong>otros 30 millones<\/strong>.<\/p>\n\n\n\n<p>Schiaretti dijo que estas obras de la Provincia&nbsp;<em>\u201cson un regalo para Canals\u201d<\/em>, que acaba de festejar sus 135 a\u00f1os de existencia como localidad.<\/p>\n\n\n\n<p>Seg\u00fan el convenio con la Provincia, firmado en esta jornada,&nbsp;<strong>la Municipalidad de Canals se encargar\u00e1 de pavimentar calles urbanas&nbsp;<\/strong>por administraci\u00f3n o por contrataci\u00f3n de empresas.<\/p>\n\n\n\n<p><em>\u201cC\u00f3mo no le vamos a dar una mano a Canals para que avance con m\u00e1s pavimento, que es una necesidad, porque ayuda a urbanizar la ciudad y mejora la vida de los habitantes\u201d<\/em>, enfatiz\u00f3 Schiaretti.<\/p>\n\n\n\n<figure class=\"wp-block-embed-youtube wp-block-embed is-type-video is-provider-youtube wp-embed-aspect-16-9 wp-has-aspect-ratio\"><div class=\"wp-block-embed__wrapper\">\n<iframe title=\"Canals: Schiaretti anunci\u00f3 obras de pavimento y viviendas Semilla para la localidad\" width=\"800\" height=\"450\" src=\"https:\/\/www.youtube.com\/embed\/SAEMUiTNh1c?feature=oembed\" frameborder=\"0\" allow=\"accelerometer; autoplay; clipboard-write; encrypted-media; gyroscope; picture-in-picture\" allowfullscreen><\/iframe>\n<\/div><\/figure>\n\n\n\n<p>&nbsp;Aproximadamente, se asfaltar\u00e1n mil metros y los trabajos incluir\u00e1n&nbsp;<strong>reacondicionamiento de base granular<\/strong>. Brindar\u00e1n una mejor calidad de vida a los vecinos, ya sea en la circulaci\u00f3n del tr\u00e1nsito, el escurrimiento h\u00eddrico y la mayor conectividad barrial.<\/p>\n\n\n\n<p>El plazo de ejecuci\u00f3n de la obra es de ocho meses a partir del primer desembolso estipulado en el convenio. El proyecto, direcci\u00f3n t\u00e9cnica e inspecci\u00f3n de las obras estar\u00e1n a cargo de la Direcci\u00f3n Provincial de Vialidad.<\/p>\n\n\n\n<p>Schiaretti tambi\u00e9n anunci\u00f3 hoy que, a partir de octubre pr\u00f3ximo,&nbsp;<strong>se repavimentar\u00e1 la ruta 3<\/strong>, al sur de Canals y aclar\u00f3:&nbsp;<em>\u201cVamos a pavimentar hasta la ruta 7, hasta Viamonte o La Cesira, y despu\u00e9s las obras se continuar\u00e1n hacia el sur hasta la ruta 26\u201d<\/em>.<\/p>\n","protected":false},"excerpt":{"rendered":"<p>El gobernador de C\u00f3rdoba,&nbsp;Juan Schiaretti, visit\u00f3 Canals y anunci\u00f3 distintas obras para la ciudad financiadas con fondos de la Provincia,<\/p>\n","protected":false},"author":1,"featured_media":1578,"comment_status":"open","ping_status":"open","sticky":false,"template":"","format":"standard","meta":{"kt_blocks_editor_width":""},"categories":[50],"tags":[52,54,75,58,74,76,71],"_links":{"self":[{"href":"http:\/\/canals.gob.ar\/index.php\/wp-json\/wp\/v2\/posts\/1577"}],"collection":[{"href":"http:\/\/canals.gob.ar\/index.php\/wp-json\/wp\/v2\/posts"}],"about":[{"href":"http:\/\/canals.gob.ar\/index.php\/wp-json\/wp\/v2\/types\/post"}],"author":[{"embeddable":true,"href":"http:\/\/canals.gob.ar\/index.php\/wp-json\/wp\/v2\/users\/1"}],"replies":[{"embeddable":true,"href":"http:\/\/canals.gob.ar\/index.php\/wp-json\/wp\/v2\/comments?post=1577"}],"version-history":[{"count":2,"href":"http:\/\/canals.gob.ar\/index.php\/wp-json\/wp\/v2\/posts\/1577\/revisions"}],"predecessor-version":[{"id":1581,"href":"http:\/\/canals.gob.ar\/index.php\/wp-json\/wp\/v2\/posts\/1577\/revisions\/1581"}],"wp:featuredmedia":[{"embeddable":true,"href":"http:\/\/canals.gob.ar\/index.php\/wp-json\/wp\/v2\/media\/1578"}],"wp:attachment":[{"href":"http:\/\/canals.gob.ar\/index.php\/wp-json\/wp\/v2\/media?parent=1577"}],"wp:term":[{"taxonomy":"category","embeddable":true,"href":"http:\/\/canals.gob.ar\/index.php\/wp-json\/wp\/v2\/categories?post=1577"},{"taxonomy":"post_tag","embeddable":true,"href":"http:\/\/canals.gob.ar\/index.php\/wp-json\/wp\/v2\/tags?post=1577"}],"curies":[{"name":"wp","href":"https:\/\/api.w.org\/{rel}","templated":true}]}}