{"id":47,"date":"2020-10-07T23:29:18","date_gmt":"2020-10-07T23:29:18","guid":{"rendered":"http:\/\/canals.gob.ar\/?p=47"},"modified":"2020-10-31T15:21:46","modified_gmt":"2020-10-31T15:21:46","slug":"felices-134-anos-canals","status":"publish","type":"post","link":"http:\/\/canals.gob.ar\/index.php\/2020\/10\/07\/felices-134-anos-canals\/","title":{"rendered":"\u00a1Felices 134 a\u00f1os Canals!"},"content":{"rendered":"\n<figure class=\"wp-block-image size-large\"><img loading=\"lazy\" width=\"1000\" height=\"600\" src=\"http:\/\/canals.gob.ar\/wp-content\/uploads\/2020\/10\/noticia-1.jpg\" alt=\"\" class=\"wp-image-72\" srcset=\"http:\/\/canals.gob.ar\/wp-content\/uploads\/2020\/10\/noticia-1.jpg 1000w, http:\/\/canals.gob.ar\/wp-content\/uploads\/2020\/10\/noticia-1-300x180.jpg 300w, http:\/\/canals.gob.ar\/wp-content\/uploads\/2020\/10\/noticia-1-768x461.jpg 768w\" sizes=\"(max-width: 1000px) 100vw, 1000px\" \/><\/figure>\n\n\n\n<p>Este a\u00f1o conmemoramos por primera vez el aniversario de nuestra ciudad.<br>El Intendente Edgar Bruno junto a concejales, equipo de gobierno y miembros de la Comisi\u00f3n que llevo adelante la investigaci\u00f3n hist\u00f3rica, presentaron una ofrenda floral en el busto de Juan Canals, ubicado frente a la plazoleta H\u00e9roes de Malvinas.<br>El 28 de septiembre fue la fecha establecida por la Ordenanza 1337 de 2019 que recoge como antecedente hist\u00f3rico la declaraci\u00f3n de utilidad p\u00fablica de los terrenos para la construcci\u00f3n de las v\u00edas y la estaci\u00f3n de tren a trav\u00e9s de la Ley 1835 sancionada el mismo d\u00eda, pero en el a\u00f1o 1886.<br>La pandemia del Coronavirus COVID-19 no permiti\u00f3 llevar adelante grandes festejos, pero eso no impidi\u00f3 que podamos reflexionar y agradecer todo el esfuerzo que realizaron nuestros antepasados para hacer de nuestra ciudad lo que es hoy y por la que nos esforzamos todos los d\u00edas por mejorar.<br><em>Prensa Municipalidad de Canals<\/em><\/p>\n","protected":false},"excerpt":{"rendered":"<p>Este a\u00f1o conmemoramos por primera vez el aniversario de nuestra ciudad.El Intendente Edgar Bruno junto a concejales, equipo de gobierno<\/p>\n","protected":false},"author":1,"featured_media":72,"comment_status":"open","ping_status":"open","sticky":false,"template":"","format":"standard","meta":{"kt_blocks_editor_width":""},"categories":[50],"tags":[],"_links":{"self":[{"href":"http:\/\/canals.gob.ar\/index.php\/wp-json\/wp\/v2\/posts\/47"}],"collection":[{"href":"http:\/\/canals.gob.ar\/index.php\/wp-json\/wp\/v2\/posts"}],"about":[{"href":"http:\/\/canals.gob.ar\/index.php\/wp-json\/wp\/v2\/types\/post"}],"author":[{"embeddable":true,"href":"http:\/\/canals.gob.ar\/index.php\/wp-json\/wp\/v2\/users\/1"}],"replies":[{"embeddable":true,"href":"http:\/\/canals.gob.ar\/index.php\/wp-json\/wp\/v2\/comments?post=47"}],"version-history":[{"count":2,"href":"http:\/\/canals.gob.ar\/index.php\/wp-json\/wp\/v2\/posts\/47\/revisions"}],"predecessor-version":[{"id":73,"href":"http:\/\/canals.gob.ar\/index.php\/wp-json\/wp\/v2\/posts\/47\/revisions\/73"}],"wp:featuredmedia":[{"embeddable":true,"href":"http:\/\/canals.gob.ar\/index.php\/wp-json\/wp\/v2\/media\/72"}],"wp:attachment":[{"href":"http:\/\/canals.gob.ar\/index.php\/wp-json\/wp\/v2\/media?parent=47"}],"wp:term":[{"taxonomy":"category","embeddable":true,"href":"http:\/\/canals.gob.ar\/index.php\/wp-json\/wp\/v2\/categories?post=47"},{"taxonomy":"post_tag","embeddable":true,"href":"http:\/\/canals.gob.ar\/index.php\/wp-json\/wp\/v2\/tags?post=47"}],"curies":[{"name":"wp","href":"https:\/\/api.w.org\/{rel}","templated":true}]}}