{"id":81,"date":"2020-10-22T18:01:47","date_gmt":"2020-10-22T18:01:47","guid":{"rendered":"http:\/\/canals.gob.ar\/?p=81"},"modified":"2020-10-31T15:20:57","modified_gmt":"2020-10-31T15:20:57","slug":"octubre-rosa-en-canals","status":"publish","type":"post","link":"http:\/\/canals.gob.ar\/index.php\/2020\/10\/22\/octubre-rosa-en-canals\/","title":{"rendered":"Octubre Rosa en Canals"},"content":{"rendered":"\n<figure class=\"wp-block-image size-large\"><img loading=\"lazy\" width=\"1000\" height=\"600\" src=\"http:\/\/canals.gob.ar\/wp-content\/uploads\/2020\/10\/octubrerosa.jpg\" alt=\"\" class=\"wp-image-82\" srcset=\"http:\/\/canals.gob.ar\/wp-content\/uploads\/2020\/10\/octubrerosa.jpg 1000w, http:\/\/canals.gob.ar\/wp-content\/uploads\/2020\/10\/octubrerosa-300x180.jpg 300w, http:\/\/canals.gob.ar\/wp-content\/uploads\/2020\/10\/octubrerosa-768x461.jpg 768w\" sizes=\"(max-width: 1000px) 100vw, 1000px\" \/><\/figure>\n\n\n\n<p>Octubre es el mes de la prevenci\u00f3n contra el c\u00e1ncer de mama y el color rosa lo identifica.&nbsp;Por este motivo el Palacio Municipal permanecer\u00e1 as\u00ed iluminado como una forma de<br><strong>promover la concientizaci\u00f3n sobre la prevenci\u00f3n y detecci\u00f3n precoz del c\u00e1ncer de mama en hombres y mujeres<\/strong>&nbsp;.<\/p>\n\n\n\n<p>Mientras m\u00e1s temprano se detecte el c\u00e1ncer de mama, mejores son las probabilidades de que el tratamiento tenga \u00e9xito.El c\u00e1ncer de mama es una de las pocas enfermedades cancerosas que se pueden diagnosticar precozmente; es decir, antes de que se note alg\u00fan s\u00edntoma.<\/p>\n\n\n\n<h2>\u00bfPor qu\u00e9 es necesario el diagn\u00f3stico precoz?<\/h2>\n\n\n\n<p>Las posibilidades de curaci\u00f3n de los c\u00e1nceres de mama que se detectan en su etapa inicial son pr\u00e1cticamente del 95%.La t\u00e9cnica utilizada y mundialmente aceptada es la mamograf\u00eda, que consiste en una radiograf\u00eda de las mamas, capaz de detectar lesiones en estadios muy incipientes de la enfermedad. La dosis de radiaci\u00f3n empleada en la mamograf\u00eda es m\u00ednima, por lo que resulta inofensiva.<\/p>\n\n\n\n<h2>Prevenci\u00f3n Primaria<\/h2>\n\n\n\n<p>Es de buena pr\u00e1ctica realizar una autoexploraci\u00f3n. La misma se debe realizar dos o tres d\u00edas despu\u00e9s del per\u00edodo menstrual (es \u00f3ptimo realizarlo una vez al mes), en la ducha, frente al espejo o acostada. Mediante el autoexamen se puede detectar lesiones superiores a los 2 cm. pero tambi\u00e9n se puede advertir:<\/p>\n\n\n\n<ul><li>Forma, tama\u00f1o, superficie cut\u00e1nea, circulaci\u00f3n venosa, cicatrices de la mama.<\/li><li>Que no haya ning\u00fan n\u00f3dulo o bulto extra\u00f1o, retracci\u00f3n de la piel o del pez\u00f3n, derrames por pez\u00f3n, cambios en el color o textura de la piel de la mama.<\/li><\/ul>\n\n\n\n<p><strong>\u00bfCu\u00e1ndo fue tu \u00faltimo chequeo?<\/strong><\/p>\n","protected":false},"excerpt":{"rendered":"<p>Octubre es el mes de la prevenci\u00f3n contra el c\u00e1ncer de mama y el color rosa lo identifica.&nbsp;Por este motivo<\/p>\n","protected":false},"author":1,"featured_media":82,"comment_status":"closed","ping_status":"closed","sticky":false,"template":"","format":"standard","meta":{"kt_blocks_editor_width":""},"categories":[50],"tags":[],"_links":{"self":[{"href":"http:\/\/canals.gob.ar\/index.php\/wp-json\/wp\/v2\/posts\/81"}],"collection":[{"href":"http:\/\/canals.gob.ar\/index.php\/wp-json\/wp\/v2\/posts"}],"about":[{"href":"http:\/\/canals.gob.ar\/index.php\/wp-json\/wp\/v2\/types\/post"}],"author":[{"embeddable":true,"href":"http:\/\/canals.gob.ar\/index.php\/wp-json\/wp\/v2\/users\/1"}],"replies":[{"embeddable":true,"href":"http:\/\/canals.gob.ar\/index.php\/wp-json\/wp\/v2\/comments?post=81"}],"version-history":[{"count":2,"href":"http:\/\/canals.gob.ar\/index.php\/wp-json\/wp\/v2\/posts\/81\/revisions"}],"predecessor-version":[{"id":1354,"href":"http:\/\/canals.gob.ar\/index.php\/wp-json\/wp\/v2\/posts\/81\/revisions\/1354"}],"wp:featuredmedia":[{"embeddable":true,"href":"http:\/\/canals.gob.ar\/index.php\/wp-json\/wp\/v2\/media\/82"}],"wp:attachment":[{"href":"http:\/\/canals.gob.ar\/index.php\/wp-json\/wp\/v2\/media?parent=81"}],"wp:term":[{"taxonomy":"category","embeddable":true,"href":"http:\/\/canals.gob.ar\/index.php\/wp-json\/wp\/v2\/categories?post=81"},{"taxonomy":"post_tag","embeddable":true,"href":"http:\/\/canals.gob.ar\/index.php\/wp-json\/wp\/v2\/tags?post=81"}],"curies":[{"name":"wp","href":"https:\/\/api.w.org\/{rel}","templated":true}]}}